{"id":3532,"date":"2020-05-15T17:15:27","date_gmt":"2020-05-15T20:15:27","guid":{"rendered":"https:\/\/atualizacursos.com.br\/blog\/?p=3532"},"modified":"2020-08-27T16:41:44","modified_gmt":"2020-08-27T19:41:44","slug":"competencias-enfermeiro-ventilacao-mecanica","status":"publish","type":"post","link":"https:\/\/atualizacursos.com.br\/blog\/competencias-enfermeiro-ventilacao-mecanica\/","title":{"rendered":"Descubra quais s\u00e3o as compet\u00eancias do Enfermeiro no cuidado aos pacientes em ventila\u00e7\u00e3o mec\u00e2nica"},"content":{"rendered":"\n<div class=\"wp-block-image\"><figure class=\"aligncenter\"><img loading=\"lazy\" decoding=\"async\" width=\"500\" height=\"334\" src=\"https:\/\/atualizacursos.com.br\/blog\/wp-content\/uploads\/2020\/05\/ventila\u00e7\u00e3o-mecanica-enfermeiro-pandemia-atualiza-cursos.jpg\" alt=\"ventila\u00e7\u00e3o mecanica enfermeiro pandemia atualiza cursos\" class=\"wp-image-3534\" srcset=\"https:\/\/atualizacursos.com.br\/blog\/wp-content\/uploads\/2020\/05\/ventila\u00e7\u00e3o-mecanica-enfermeiro-pandemia-atualiza-cursos.jpg 500w, https:\/\/atualizacursos.com.br\/blog\/wp-content\/uploads\/2020\/05\/ventila\u00e7\u00e3o-mecanica-enfermeiro-pandemia-atualiza-cursos-300x200.jpg 300w, https:\/\/atualizacursos.com.br\/blog\/wp-content\/uploads\/2020\/05\/ventila\u00e7\u00e3o-mecanica-enfermeiro-pandemia-atualiza-cursos-370x247.jpg 370w\" sizes=\"(max-width: 500px) 100vw, 500px\" \/><\/figure><\/div>\n\n\n\n<p>O Coronav\u00edrus afeta principalmente os pulm\u00f5es, o que demanda um aumento do uso de aparelhos de ventila\u00e7\u00e3o mec\u00e2nica.<\/p>\n\n\n\n<p>Neste sentido \u00e9 fundamental que o enfermeiro saiba quais s\u00e3o as<strong> compet\u00eancias<\/strong> relacionadas aos cuidados aos pacientes em ventila\u00e7\u00e3o mec\u00e2nica.<\/p>\n\n\n\n<p>Para ajudar o<a href=\"http:\/\/www.cofen.gov.br\/\"> Cofen<\/a> publicou recentemente  a<strong> resolu\u00e7\u00e3o n\u00ba 639\/2020<\/strong>, que respalda as compet\u00eancias do enfermeiro em todo processo de tratamento aos pacientes em ventila\u00e7\u00e3o mec\u00e2nica no ambiente extra e intra-hospitalar.<\/p>\n\n\n\n<p>Fique por dentro das melhores pr\u00e1ticas. Preparado? Ent\u00e3o vamos l\u00e1!<\/p>\n\n\n\n<!--[if IE]>\n<div id=\"cs-Entrevista-Blog\"  class=\"capture-wrap uf-wrap ie\"><![endif]--><!--[if !IE]><!-->\n<div id=\"cs-Entrevista-Blog\"  class=\"capture-wrap uf-wrap sc\"><!--<![endif]--><div class=\"capture uf uf-compact\"><div class=\"capture-container uf-container\"><div class=\"capture-container uf-container capture-inner\"><h4 itemprop=\"headline\" class=\"capture-title uf-title fadeinleft\">Baixe em Alta Resolu\u00e7\u00e3o o Infogr\u00e1fico Entrevista em Enfermagem<\/h4><p itemprop=\"text\" class=\"capture-intro uf-intro fadeinright\">Insira o seu endere\u00e7o de e-mail abaixo para baixar <strong>gr\u00e1tis<\/strong> o Infogr\u00e1fico Entrevista em Enfermagem em alta resolu\u00e7\u00e3o!<\/p><\/div><\/div><div class=\"capture capture-form uf animated\"><div class=\"capture-container uf-container uf-fields\"><p itemprop=\"text\" class=\"capture-notice uf-notice fadeinleft\">Fique tranquilo, seu e-mail est\u00e1 completamente <strong>SEGURO<\/strong> conosco!<\/p><form id=\"Entrevista-Blog\"  class=\"uf-form fadeinright\" method=\"POST\" action=\"https:\/\/atualizacursos.com.br\/blog\/wp-content\/uploads\/2019\/10\/Entrevista-de-Enfermagem.pdf\" target=\"_blank\" rel=\"noopener noreferrer\"><span class=\"uf-wrapinput uf-input-name\"><input class=\"uf-name pulse\" type=\"text\" value=\"\" name=\"nome\" placeholder=\"\uf007 Seu nome\"  autocomplete=\"desligar\" aria-required=\"true\" aria-label=\"First Name\"><i class=\"uf-validation-icon\"><\/i><\/span><span class=\"uf-wrapinput uf-input-email\"><input class=\"uf-email pulse\" type=\"text\" name=\"email\" placeholder=\"\uf003 Seu e-mail\"  autocomplete=\"desligar\" aria-required=\"true\" aria-label=\"Email\" spellcheck=\"false\"><i class=\"uf-validation-icon\"><\/i><\/span>\n\n\t\t\t\t\t<span class=\"capture-wrapicon uf-wrapicon\">\n\n\t\t\t\t\t\t<input class=\"uf-submit\" name=\"uf-submit\" value=\"Quero Baixar Agora!\" type=\"submit\">\n\n\t\t\t\t\t<\/span>\n\n\t\t\t\t<\/form><\/div><\/div><\/div><\/div>\n\n\n\n<h2 class=\"wp-block-heading\"><strong>7 Compet\u00eancias Essenciais do Enfermeiro no Cuidados aos Pacientes em Ventila\u00e7\u00e3o Mec\u00e2nica<\/strong><\/h2>\n\n\n\n<p>1)<strong> <\/strong>No \u00e2mbito da equipe de enfermagem<strong>, <\/strong>\u00e9 compet\u00eancia do Enfermeiro a<strong> montagem, testagem e instala\u00e7\u00e3o de aparelhos<\/strong> de ventila\u00e7\u00e3o mec\u00e2nica invasiva e n\u00e3o-invasiva em pacientes adultos, pedi\u00e1tricos e neonatos.<\/p>\n\n\n\n<p>2) No contexto do processo de Enfermagem, \u00e9 compet\u00eancia do Enfermeiro a <strong>monitoriza\u00e7\u00e3o, a checagem de alarmes, o ajuste inicial e o manejo dos par\u00e2metros da ventila\u00e7\u00e3o mec\u00e2nica<\/strong> tanto na estrat\u00e9gia invasiva quanto n\u00e3o-invasiva.<\/p>\n\n\n\n<p>3) O ajuste inicial e manejo dos par\u00e2metros da ventila\u00e7\u00e3o mec\u00e2nica de que trata o artigo 2\u00ba desta resolu\u00e7\u00e3o devem ocorrer sob coordena\u00e7\u00e3o m\u00e9dica.<\/p>\n\n\n\n<p>4) No \u00e2mbito da equipe de Enfermagem, constitui <strong>Procedimento Privativo do Enfermeiro a coleta de sangue arterial <\/strong>para fins de monitoriza\u00e7\u00e3o gasom\u00e9trica e respirat\u00f3ria.<\/p>\n\n\n\n<p>5) Na <strong>montagem, testagem e instala\u00e7\u00e3o de aparelhos de ventila\u00e7\u00e3o mec\u00e2nica<\/strong>, \u00e9 compet\u00eancia do Enfermeiro:<\/p>\n\n\n\n<p>5.1) <strong>fixa\u00e7\u00e3o e centraliza\u00e7\u00e3o do tubo traqueal<\/strong>, assim como a monitoriza\u00e7\u00e3o da press\u00e3o do c\u00fcff (balonete) da pr\u00f3tese em n\u00edveis seguros e a averigua\u00e7\u00e3o quanto ao seu correto posicionamento;<\/p>\n\n\n\n<p>5.2) a <strong>realiza\u00e7\u00e3o e a avalia\u00e7\u00e3o da necessidade de aspira\u00e7\u00e3o das vias a\u00e9reas <\/strong>nos pacientes sob ventila\u00e7\u00e3o mec\u00e2nica, de acordo com as diretrizes elencadas na Resolu\u00e7\u00e3o Cofen n\u00ba 557\/2017;<\/p>\n\n\n\n<p>5.3) a <strong>realiza\u00e7\u00e3o e\/ou prescri\u00e7\u00e3o dos cuidados em rela\u00e7\u00e3o ao orif\u00edcio da traqueostomia e \u00e0 integridade da pele periestomal;<\/strong><\/p>\n\n\n\n<p>6) a <strong>realiza\u00e7\u00e3o e\/ou prescri\u00e7\u00e3o de higiene bucal<\/strong>, incluindo o uso do gluconato de clorexidina 0,12% ou outras solu\u00e7\u00f5es antiss\u00e9pticas cientificamente recomendadas, em pacientes sob ventila\u00e7\u00e3o mec\u00e2nica;<\/p>\n\n\n\n<p>7) participar da decis\u00e3o, da realiza\u00e7\u00e3o e\/ou prescri\u00e7\u00e3o na Equipe de Enfermagem dos <strong>procedimentos relacionados \u00e0 prona\u00e7\u00e3o de pacientes sob ventila\u00e7\u00e3o mec\u00e2nica e aplica\u00e7\u00e3o dos cuidados<\/strong> relacionados a preven\u00e7\u00e3o dos incidentes associados.<\/p>\n\n\n\n<p>Curtiu o conte\u00fado? Compartilha com seus amigos e colegas enfermeiros \ud83d\ude42<\/p>\n\n\n\n<p>Voc\u00ea tamb\u00e9m pode gostar do artigo <a href=\"https:\/\/atualizacursos.com.br\/blog\/60-passos-atendimento-coronavirus\/\">60 Passos Fundamentais para um Bom Atendimento do Paciente com Coronav\u00edrus.<\/a><\/p>\n\n\n\n<p>Refer\u00eancia.<\/p>\n\n\n\n<p>COFEN. Resolu\u00e7\u00e3o Cofen  <strong> <\/strong>n\u00ba 639\/2020 .  <a href=\"http:\/\/www.cofen.gov.br\/wp-content\/uploads\/2020\/05\/RESOLU%C3%87%C3%83O-COFEN-N%C2%BA-639-2020.pdf\">http:\/\/www.cofen.gov.br\/wp-content\/uploads\/2020\/05\/RESOLU%C3%87%C3%83O-COFEN-N%C2%BA-639-2020.pdf<\/a> <\/p>\n\n\n\n<p>\n\nO grupo Atualiza h\u00e1 mais de&nbsp;<strong>20 anos oferece cursos de P\u00f3s-Gradua\u00e7\u00e3o, Extens\u00e3o e Atualiza\u00e7\u00e3o na \u00e1rea de Sa\u00fade<\/strong>. Saiba mais&nbsp;<a href=\"https:\/\/www.atualizacursos.com.br\/\">clicando aqui.<\/a><\/p>\n\n\n<div role=\"main\" id=\"informacoes-blog-a32d473f8bdd06429985\"><\/div>\n<p><script type=\"text\/javascript\" src=\"https:\/\/d335luupugsy2.cloudfront.net\/js\/rdstation-forms\/stable\/rdstation-forms.min.js\"><\/script><br \/>\n<script type=\"text\/javascript\">\n  new RDStationForms('informacoes-blog-a32d473f8bdd06429985-html', 'UA-72479694-1').createForm();\n<\/script><\/p>\n","protected":false},"excerpt":{"rendered":"<p>O Coronav\u00edrus afeta principalmente os pulm\u00f5es, o que demanda um aumento do uso de aparelhos de ventila\u00e7\u00e3o mec\u00e2nica. Neste sentido \u00e9 fundamental que o enfermeiro saiba quais s\u00e3o as compet\u00eancias relacionadas aos cuidados aos pacientes em ventila\u00e7\u00e3o mec\u00e2nica. Para ajudar o Cofen publicou recentemente a resolu\u00e7\u00e3o n\u00ba 639\/2020, que respalda as compet\u00eancias do enfermeiro em todo processo de tratamento aos pacientes em ventila\u00e7\u00e3o mec\u00e2nica no ambiente extra e intra-hospitalar. Fique por dentro das melhores pr\u00e1ticas. Preparado? Ent\u00e3o vamos l\u00e1! 7 Compet\u00eancias Essenciais do Enfermeiro no <a href=\"https:\/\/atualizacursos.com.br\/blog\/competencias-enfermeiro-ventilacao-mecanica\/\" class=\"more-link\"><span>Leia mais<\/span>\u2192<\/a><\/p>\n","protected":false},"author":3,"featured_media":3534,"comment_status":"open","ping_status":"open","sticky":false,"template":"","format":"standard","meta":{"_monsterinsights_skip_tracking":false,"_monsterinsights_sitenote_active":false,"_monsterinsights_sitenote_note":"","_monsterinsights_sitenote_category":0,"footnotes":""},"categories":[36,25,3],"tags":[],"class_list":["entry","author-adrianasena","post-3532","post","type-post","status-publish","format-standard","has-post-thumbnail","category-covd-19","category-dicas","category-enfermagem"],"yoast_head":"<!-- This site is optimized with the Yoast SEO plugin v19.5.1 - https:\/\/yoast.com\/wordpress\/plugins\/seo\/ -->\n<title>Descubra quais s\u00e3o as compet\u00eancias do Enfermeiro no cuidado aos pacientes em ventila\u00e7\u00e3o mec\u00e2nica<\/title>\n<meta name=\"description\" content=\"Ventila\u00e7\u00e3o mec\u00e2nica - per\u00edodo de pandemia \u00e9 fundamental que enfermeiro tome conhecimento sobre as suas compet\u00eancias em rela\u00e7\u00e3o aos cuidados.\" \/>\n<meta name=\"robots\" content=\"index, follow, max-snippet:-1, max-image-preview:large, max-video-preview:-1\" \/>\n<link rel=\"canonical\" href=\"https:\/\/atualizacursos.com.br\/blog\/competencias-enfermeiro-ventilacao-mecanica\/\" \/>\n<meta property=\"og:locale\" content=\"pt_BR\" \/>\n<meta property=\"og:type\" content=\"article\" \/>\n<meta property=\"og:title\" content=\"Descubra quais s\u00e3o as compet\u00eancias do Enfermeiro no cuidado aos pacientes em ventila\u00e7\u00e3o mec\u00e2nica\" \/>\n<meta property=\"og:description\" content=\"Ventila\u00e7\u00e3o mec\u00e2nica - per\u00edodo de pandemia \u00e9 fundamental que enfermeiro tome conhecimento sobre as suas compet\u00eancias em rela\u00e7\u00e3o aos cuidados.\" \/>\n<meta property=\"og:url\" content=\"https:\/\/atualizacursos.com.br\/blog\/competencias-enfermeiro-ventilacao-mecanica\/\" \/>\n<meta property=\"og:site_name\" content=\"Blog Atualiza Cursos\" \/>\n<meta property=\"article:published_time\" content=\"2020-05-15T20:15:27+00:00\" \/>\n<meta property=\"article:modified_time\" content=\"2020-08-27T19:41:44+00:00\" \/>\n<meta property=\"og:image\" content=\"https:\/\/atualizacursos.com.br\/blog\/wp-content\/uploads\/2020\/05\/ventila\u00e7\u00e3o-mecanica-enfermeiro-pandemia-atualiza-cursos.jpg\" \/>\n\t<meta property=\"og:image:width\" content=\"500\" \/>\n\t<meta property=\"og:image:height\" content=\"334\" \/>\n\t<meta property=\"og:image:type\" content=\"image\/jpeg\" \/>\n<meta name=\"author\" content=\"adrianasena\" \/>\n<meta name=\"twitter:card\" content=\"summary_large_image\" \/>\n<meta name=\"twitter:label1\" content=\"Escrito por\" \/>\n\t<meta name=\"twitter:data1\" content=\"adrianasena\" \/>\n\t<meta name=\"twitter:label2\" content=\"Est. tempo de leitura\" \/>\n\t<meta name=\"twitter:data2\" content=\"2 minutos\" \/>\n<script type=\"application\/ld+json\" class=\"yoast-schema-graph\">{\"@context\":\"https:\/\/schema.org\",\"@graph\":[{\"@type\":\"WebPage\",\"@id\":\"https:\/\/atualizacursos.com.br\/blog\/competencias-enfermeiro-ventilacao-mecanica\/\",\"url\":\"https:\/\/atualizacursos.com.br\/blog\/competencias-enfermeiro-ventilacao-mecanica\/\",\"name\":\"Descubra quais s\u00e3o as compet\u00eancias do Enfermeiro no cuidado aos pacientes em ventila\u00e7\u00e3o mec\u00e2nica\",\"isPartOf\":{\"@id\":\"https:\/\/atualizacursos.com.br\/blog\/#website\"},\"datePublished\":\"2020-05-15T20:15:27+00:00\",\"dateModified\":\"2020-08-27T19:41:44+00:00\",\"author\":{\"@id\":\"https:\/\/atualizacursos.com.br\/blog\/#\/schema\/person\/5858b792e1c0f80d24c5de28a66228c2\"},\"description\":\"Ventila\u00e7\u00e3o mec\u00e2nica - per\u00edodo de pandemia \u00e9 fundamental que enfermeiro tome conhecimento sobre as suas compet\u00eancias em rela\u00e7\u00e3o aos cuidados.\",\"breadcrumb\":{\"@id\":\"https:\/\/atualizacursos.com.br\/blog\/competencias-enfermeiro-ventilacao-mecanica\/#breadcrumb\"},\"inLanguage\":\"pt-BR\",\"potentialAction\":[{\"@type\":\"ReadAction\",\"target\":[\"https:\/\/atualizacursos.com.br\/blog\/competencias-enfermeiro-ventilacao-mecanica\/\"]}]},{\"@type\":\"BreadcrumbList\",\"@id\":\"https:\/\/atualizacursos.com.br\/blog\/competencias-enfermeiro-ventilacao-mecanica\/#breadcrumb\",\"itemListElement\":[{\"@type\":\"ListItem\",\"position\":1,\"name\":\"In\u00edcio\",\"item\":\"https:\/\/atualizacursos.com.br\/blog\/\"},{\"@type\":\"ListItem\",\"position\":2,\"name\":\"Descubra quais s\u00e3o as compet\u00eancias do Enfermeiro no cuidado aos pacientes em ventila\u00e7\u00e3o mec\u00e2nica\"}]},{\"@type\":\"WebSite\",\"@id\":\"https:\/\/atualizacursos.com.br\/blog\/#website\",\"url\":\"https:\/\/atualizacursos.com.br\/blog\/\",\"name\":\"Blog Atualiza Cursos\",\"description\":\"Cursos de Especializa\u00e7\u00e3o na \u00e1rea de Sa\u00fade\",\"potentialAction\":[{\"@type\":\"SearchAction\",\"target\":{\"@type\":\"EntryPoint\",\"urlTemplate\":\"https:\/\/atualizacursos.com.br\/blog\/?s={search_term_string}\"},\"query-input\":\"required name=search_term_string\"}],\"inLanguage\":\"pt-BR\"},{\"@type\":\"Person\",\"@id\":\"https:\/\/atualizacursos.com.br\/blog\/#\/schema\/person\/5858b792e1c0f80d24c5de28a66228c2\",\"name\":\"adrianasena\",\"image\":{\"@type\":\"ImageObject\",\"inLanguage\":\"pt-BR\",\"@id\":\"https:\/\/atualizacursos.com.br\/blog\/#\/schema\/person\/image\/\",\"url\":\"https:\/\/secure.gravatar.com\/avatar\/5cab6a0105e083f318b54a55186dc61d?s=96&d=wp_user_avatar&r=g\",\"contentUrl\":\"https:\/\/secure.gravatar.com\/avatar\/5cab6a0105e083f318b54a55186dc61d?s=96&d=wp_user_avatar&r=g\",\"caption\":\"adrianasena\"},\"description\":\"A Faculdade Atualiza faz parte do Grupo Atualiza, uma institui\u00e7\u00e3o com 20 anos de experi\u00eancia, especializada em cursos de P\u00f3s-Gradua\u00e7\u00e3o na \u00e1rea de Sa\u00fade, de Atualiza\u00e7\u00e3o e Extens\u00e3o. A P\u00f3s-Gradua\u00e7\u00e3o oferece mais de 40 cursos nas \u00e1reas de Enfermagem, Farm\u00e1cia, Fisioterapia, Psicologia e Nutri\u00e7\u00e3o. Atua tamb\u00e9m em treinamentos abertos e in company nas \u00e1reas de Sa\u00fade, Seguran\u00e7a do Trabalho e Sa\u00fade Ocupacional atrav\u00e9s da Atualiza Cursos, em Congressos e Simp\u00f3sios atrav\u00e9s da Atualiza Congressos e em Publica\u00e7\u00e3o de Livros com a Atualiza Editora. A qualidade e seriedade de seus cursos e o reconhecimento do mercado agora tamb\u00e9m na Gradua\u00e7\u00e3o.\",\"url\":\"https:\/\/atualizacursos.com.br\/blog\/author\/adrianasena\/\"}]}<\/script>\n<!-- \/ Yoast SEO plugin. -->","yoast_head_json":{"title":"Descubra quais s\u00e3o as compet\u00eancias do Enfermeiro no cuidado aos pacientes em ventila\u00e7\u00e3o mec\u00e2nica","description":"Ventila\u00e7\u00e3o mec\u00e2nica - per\u00edodo de pandemia \u00e9 fundamental que enfermeiro tome conhecimento sobre as suas compet\u00eancias em rela\u00e7\u00e3o aos cuidados.","robots":{"index":"index","follow":"follow","max-snippet":"max-snippet:-1","max-image-preview":"max-image-preview:large","max-video-preview":"max-video-preview:-1"},"canonical":"https:\/\/atualizacursos.com.br\/blog\/competencias-enfermeiro-ventilacao-mecanica\/","og_locale":"pt_BR","og_type":"article","og_title":"Descubra quais s\u00e3o as compet\u00eancias do Enfermeiro no cuidado aos pacientes em ventila\u00e7\u00e3o mec\u00e2nica","og_description":"Ventila\u00e7\u00e3o mec\u00e2nica - per\u00edodo de pandemia \u00e9 fundamental que enfermeiro tome conhecimento sobre as suas compet\u00eancias em rela\u00e7\u00e3o aos cuidados.","og_url":"https:\/\/atualizacursos.com.br\/blog\/competencias-enfermeiro-ventilacao-mecanica\/","og_site_name":"Blog Atualiza Cursos","article_published_time":"2020-05-15T20:15:27+00:00","article_modified_time":"2020-08-27T19:41:44+00:00","og_image":[{"width":500,"height":334,"url":"https:\/\/atualizacursos.com.br\/blog\/wp-content\/uploads\/2020\/05\/ventila\u00e7\u00e3o-mecanica-enfermeiro-pandemia-atualiza-cursos.jpg","type":"image\/jpeg"}],"author":"adrianasena","twitter_card":"summary_large_image","twitter_misc":{"Escrito por":"adrianasena","Est. tempo de leitura":"2 minutos"},"schema":{"@context":"https:\/\/schema.org","@graph":[{"@type":"WebPage","@id":"https:\/\/atualizacursos.com.br\/blog\/competencias-enfermeiro-ventilacao-mecanica\/","url":"https:\/\/atualizacursos.com.br\/blog\/competencias-enfermeiro-ventilacao-mecanica\/","name":"Descubra quais s\u00e3o as compet\u00eancias do Enfermeiro no cuidado aos pacientes em ventila\u00e7\u00e3o mec\u00e2nica","isPartOf":{"@id":"https:\/\/atualizacursos.com.br\/blog\/#website"},"datePublished":"2020-05-15T20:15:27+00:00","dateModified":"2020-08-27T19:41:44+00:00","author":{"@id":"https:\/\/atualizacursos.com.br\/blog\/#\/schema\/person\/5858b792e1c0f80d24c5de28a66228c2"},"description":"Ventila\u00e7\u00e3o mec\u00e2nica - per\u00edodo de pandemia \u00e9 fundamental que enfermeiro tome conhecimento sobre as suas compet\u00eancias em rela\u00e7\u00e3o aos cuidados.","breadcrumb":{"@id":"https:\/\/atualizacursos.com.br\/blog\/competencias-enfermeiro-ventilacao-mecanica\/#breadcrumb"},"inLanguage":"pt-BR","potentialAction":[{"@type":"ReadAction","target":["https:\/\/atualizacursos.com.br\/blog\/competencias-enfermeiro-ventilacao-mecanica\/"]}]},{"@type":"BreadcrumbList","@id":"https:\/\/atualizacursos.com.br\/blog\/competencias-enfermeiro-ventilacao-mecanica\/#breadcrumb","itemListElement":[{"@type":"ListItem","position":1,"name":"In\u00edcio","item":"https:\/\/atualizacursos.com.br\/blog\/"},{"@type":"ListItem","position":2,"name":"Descubra quais s\u00e3o as compet\u00eancias do Enfermeiro no cuidado aos pacientes em ventila\u00e7\u00e3o mec\u00e2nica"}]},{"@type":"WebSite","@id":"https:\/\/atualizacursos.com.br\/blog\/#website","url":"https:\/\/atualizacursos.com.br\/blog\/","name":"Blog Atualiza Cursos","description":"Cursos de Especializa\u00e7\u00e3o na \u00e1rea de Sa\u00fade","potentialAction":[{"@type":"SearchAction","target":{"@type":"EntryPoint","urlTemplate":"https:\/\/atualizacursos.com.br\/blog\/?s={search_term_string}"},"query-input":"required name=search_term_string"}],"inLanguage":"pt-BR"},{"@type":"Person","@id":"https:\/\/atualizacursos.com.br\/blog\/#\/schema\/person\/5858b792e1c0f80d24c5de28a66228c2","name":"adrianasena","image":{"@type":"ImageObject","inLanguage":"pt-BR","@id":"https:\/\/atualizacursos.com.br\/blog\/#\/schema\/person\/image\/","url":"https:\/\/secure.gravatar.com\/avatar\/5cab6a0105e083f318b54a55186dc61d?s=96&d=wp_user_avatar&r=g","contentUrl":"https:\/\/secure.gravatar.com\/avatar\/5cab6a0105e083f318b54a55186dc61d?s=96&d=wp_user_avatar&r=g","caption":"adrianasena"},"description":"A Faculdade Atualiza faz parte do Grupo Atualiza, uma institui\u00e7\u00e3o com 20 anos de experi\u00eancia, especializada em cursos de P\u00f3s-Gradua\u00e7\u00e3o na \u00e1rea de Sa\u00fade, de Atualiza\u00e7\u00e3o e Extens\u00e3o. A P\u00f3s-Gradua\u00e7\u00e3o oferece mais de 40 cursos nas \u00e1reas de Enfermagem, Farm\u00e1cia, Fisioterapia, Psicologia e Nutri\u00e7\u00e3o. Atua tamb\u00e9m em treinamentos abertos e in company nas \u00e1reas de Sa\u00fade, Seguran\u00e7a do Trabalho e Sa\u00fade Ocupacional atrav\u00e9s da Atualiza Cursos, em Congressos e Simp\u00f3sios atrav\u00e9s da Atualiza Congressos e em Publica\u00e7\u00e3o de Livros com a Atualiza Editora. A qualidade e seriedade de seus cursos e o reconhecimento do mercado agora tamb\u00e9m na Gradua\u00e7\u00e3o.","url":"https:\/\/atualizacursos.com.br\/blog\/author\/adrianasena\/"}]}},"_links":{"self":[{"href":"https:\/\/atualizacursos.com.br\/blog\/wp-json\/wp\/v2\/posts\/3532"}],"collection":[{"href":"https:\/\/atualizacursos.com.br\/blog\/wp-json\/wp\/v2\/posts"}],"about":[{"href":"https:\/\/atualizacursos.com.br\/blog\/wp-json\/wp\/v2\/types\/post"}],"author":[{"embeddable":true,"href":"https:\/\/atualizacursos.com.br\/blog\/wp-json\/wp\/v2\/users\/3"}],"replies":[{"embeddable":true,"href":"https:\/\/atualizacursos.com.br\/blog\/wp-json\/wp\/v2\/comments?post=3532"}],"version-history":[{"count":9,"href":"https:\/\/atualizacursos.com.br\/blog\/wp-json\/wp\/v2\/posts\/3532\/revisions"}],"predecessor-version":[{"id":3548,"href":"https:\/\/atualizacursos.com.br\/blog\/wp-json\/wp\/v2\/posts\/3532\/revisions\/3548"}],"wp:featuredmedia":[{"embeddable":true,"href":"https:\/\/atualizacursos.com.br\/blog\/wp-json\/wp\/v2\/media\/3534"}],"wp:attachment":[{"href":"https:\/\/atualizacursos.com.br\/blog\/wp-json\/wp\/v2\/media?parent=3532"}],"wp:term":[{"taxonomy":"category","embeddable":true,"href":"https:\/\/atualizacursos.com.br\/blog\/wp-json\/wp\/v2\/categories?post=3532"},{"taxonomy":"post_tag","embeddable":true,"href":"https:\/\/atualizacursos.com.br\/blog\/wp-json\/wp\/v2\/tags?post=3532"}],"curies":[{"name":"wp","href":"https:\/\/api.w.org\/{rel}","templated":true}]}}