{"id":3798,"date":"2022-01-13T10:19:20","date_gmt":"2022-01-13T13:19:20","guid":{"rendered":"https:\/\/atualizacursos.com.br\/blog\/?p=3798"},"modified":"2022-01-13T10:19:22","modified_gmt":"2022-01-13T13:19:22","slug":"manejo-de-gestantes-e-puerperas-com-gripe-e-risco-para-covid-19-o-que-fazer","status":"publish","type":"post","link":"https:\/\/atualizacursos.com.br\/blog\/manejo-de-gestantes-e-puerperas-com-gripe-e-risco-para-covid-19-o-que-fazer\/","title":{"rendered":"Manejo de Gestantes e Pu\u00e9rperas com Gripe e  Risco para COVID-19 &#8211; O que fazer?"},"content":{"rendered":"\n<div class=\"wp-block-image\"><figure class=\"aligncenter size-full\"><img loading=\"lazy\" decoding=\"async\" width=\"500\" height=\"334\" src=\"https:\/\/atualizacursos.com.br\/blog\/wp-content\/uploads\/2022\/01\/gravida-gripada-gravida-com-gripe.jpg\" alt=\"\" class=\"wp-image-3804\" srcset=\"https:\/\/atualizacursos.com.br\/blog\/wp-content\/uploads\/2022\/01\/gravida-gripada-gravida-com-gripe.jpg 500w, https:\/\/atualizacursos.com.br\/blog\/wp-content\/uploads\/2022\/01\/gravida-gripada-gravida-com-gripe-300x200.jpg 300w, https:\/\/atualizacursos.com.br\/blog\/wp-content\/uploads\/2022\/01\/gravida-gripada-gravida-com-gripe-370x247.jpg 370w\" sizes=\"(max-width: 500px) 100vw, 500px\" \/><\/figure><\/div>\n\n\n\n<p>A pandemia ainda continua e os profissionais da sa\u00fade j\u00e1 est\u00e3o enfrentando <strong>outro desafio<\/strong>: um novo surto de gripe, que se espalha por todo o Brasil.<\/p>\n\n\n\n<p>A doen\u00e7a provocada pela H3N2 Darwin tem sido chamada de <strong>nova gripe<\/strong>, mas, na pr\u00e1tica, os sintomas s\u00e3o bem conhecidos. \u201cOs principais sinais s\u00e3o coriza, tosse, dor de garganta, dor no corpo, dor de cabe\u00e7a e febre, de acordo com m\u00e9dico Felipe Duarte. (fonte da<a href=\"https:\/\/saude.abril.com.br\/medicina\/gripe-h3n2-como-evitar-quais-os-sintomas-e-a-eficacia-da-vacina\/\"> Sa\u00fade Abril.<\/a> ).<\/p>\n\n\n\n<p>Embora a nova gripe n\u00e3o seja letal como o coronav\u00edrus, \u00e9 fundamental que os profissionais da sa\u00fade redobrem os cuidados, principalmente quando se trata de grupos de risco, como <strong>gr\u00e1vidas e pu\u00e9rperas<\/strong>.<\/p>\n\n\n\n<p>Confira agora um passo a passo completo das recomenda\u00e7\u00f5es feita pelo<a href=\"https:\/\/www.sbmfc.org.br\/\"> Secretaria de Aten\u00e7\u00e3o Prim\u00e1ria \u00e0 Sa\u00fade<\/a> (SAPS) em caso de Gestantes e Pu\u00e9rperas com S\u00edndrome Gripal e Risco para COVID-19.<\/p>\n\n\n<!--[if IE]>\n<div id=\"cs-Newsletter-Blog\"  class=\"capture-wrap uf-wrap ie\"><![endif]--><!--[if !IE]><!-->\n<div id=\"cs-Newsletter-Blog\"  class=\"capture-wrap uf-wrap sc\"><!--<![endif]--><div class=\"capture uf uf-compact\"><div class=\"capture-container uf-container\"><div class=\"capture-container uf-container capture-inner\"><h4 itemprop=\"headline\" class=\"capture-title uf-title fadeinleft\">Entre na nossa Lista e Receba Conte\u00fados Exclusivos<\/h4><p itemprop=\"text\" class=\"capture-intro uf-intro fadeinright\">Assine nossa Newsletter <strong>gr\u00e1tis<\/strong>!<\/p><\/div><\/div><div class=\"capture capture-form uf animated\"><div class=\"capture-container uf-container uf-fields\"><p itemprop=\"text\" class=\"capture-notice uf-notice fadeinleft\">Fique tranquilo, seu e-mail est\u00e1 completamente <strong>SEGURO<\/strong> conosco!<\/p><form id=\"Newsletter-Blog\"  class=\"uf-form fadeinright\" method=\"POST\" action=\"https:\/\/atualizacursos.com.br\/blog\/newsletter-blog-atualiza\/\" target=\"_blank\" rel=\"noopener noreferrer\"><span class=\"uf-wrapinput uf-input-name\"><input class=\"uf-name pulse\" type=\"text\" value=\"\" name=\"nome\" placeholder=\"\uf007 Seu nome\"  autocomplete=\"desligar\" aria-required=\"true\" aria-label=\"First Name\"><i class=\"uf-validation-icon\"><\/i><\/span><span class=\"uf-wrapinput uf-input-email\"><input class=\"uf-email pulse\" type=\"text\" name=\"email\" placeholder=\"\uf003 Seu e-mail\"  autocomplete=\"desligar\" aria-required=\"true\" aria-label=\"Email\" spellcheck=\"false\"><i class=\"uf-validation-icon\"><\/i><\/span>\n\n\t\t\t\t\t<span class=\"capture-wrapicon uf-wrapicon\">\n\n\t\t\t\t\t\t<input class=\"uf-submit\" name=\"uf-submit\" value=\"Eu quero!\" type=\"submit\">\n\n\t\t\t\t\t<\/span>\n\n\t\t\t\t<\/form><\/div><\/div><\/div><\/div>\n\n\n\n<p>\u2022 Mesmo podendo representar manifesta\u00e7\u00e3o fisiol\u00f3gica da gravidez, a queixa de dispneia deve ser valorizada na presen\u00e7a de s\u00edndrome gripal.<br>\u2022 <strong>Em pacientes com sinais de agravamento, incluindo SpO2&lt;95%, considerar o in\u00edcio imediato de oxigenioterapia, monitoriza\u00e7\u00e3o cont\u00ednua e encaminhamento hospitalar;<\/strong><br>\u2022 Gestantes e pu\u00e9rperas, mesmo vacinadas, devem ser tratadas com antiviral, fosfato de oseltamivir (Tamiflu), na dose habitual para adultos, indicado na s\u00edndrome gripal independentemente de sinais de agravamento, visando \u00e0 redu\u00e7\u00e3o da morbimortalidade materna;<br>\u2022<strong>N\u00e3o se deve protelar a realiza\u00e7\u00e3o de exame radiol\u00f3gico em qualquer per\u00edodo gestacional quando houver necessidade de averiguar hip\u00f3tese diagn\u00f3stica de pneumonia;<\/strong><br>\u2022 A eleva\u00e7\u00e3o da temperatura na gestante deve ser sempre controlada com antit\u00e9rmico uma vez que a hipertermia materna determina les\u00f5es no feto. A melhor op\u00e7\u00e3o \u00e9 o paracetamol;<br>\u2022 <strong>Gestantes sintom\u00e1ticas t\u00eam contraindica\u00e7\u00e3o de isolamento domiciliar.<\/strong><\/p>\n\n\n\n<h2 class=\"wp-block-heading\"><strong>Pu\u00e9rperas classificadas como casos suspeitos e assintom\u00e1ticas<\/strong><\/h2>\n\n\n\n<p>\u2022 Isolamento domiciliar;<br>\u2022 <strong>Manter, preferencialmente, o bin\u00f4mio em quarto privativo.<\/strong><br>\u2022 Manter dist\u00e2ncia m\u00ednima do ber\u00e7o do RN e m\u00e3e de 1 metro.<br>\u2022 <strong>Orientar a realizar etiqueta respirat\u00f3ria.<\/strong><br>\u2022 Orientar a higieniza\u00e7\u00e3o das m\u00e3os imediatamente ap\u00f3s tocar nariz, boca e sempre antes do cuidado com o RN.<br>\u2022 <strong>Orientar o uso de m\u00e1scara cir\u00fargica durante o cuidado e a amamenta\u00e7\u00e3o do RN.<br>\u2022 <\/strong>Profissional de sa\u00fade ao atender a pu\u00e9rpera e RN deve seguir as orienta\u00e7\u00f5es de precau\u00e7\u00e3o padr\u00e3o e got\u00edculas.<br>\u2022 <strong>Caso a pu\u00e9rpera precise circular em \u00e1reas comuns da casa, utilizar m\u00e1scara cir\u00fargica<\/strong>.<\/p>\n\n\n\n<h2 class=\"wp-block-heading\"><strong>Pu\u00e9rperas classificadas como casos confirmados e assintom\u00e1ticas<\/strong><\/h2>\n\n\n\n<p>\u2022 Isolamento domiciliar;<br>\u2022 <strong>Interromper amamenta\u00e7\u00e3o. In\u00edcio do uso de f\u00f3rmulas infantis como medida provis\u00f3ria at\u00e9 a m\u00e3e ter a resolu\u00e7\u00e3o dos sintomas<\/strong>;<br>\u2022Providenciar cuidador para a crian\u00e7a e para a m\u00e3e;<br>\u2022 <strong>Isolar a m\u00e3e do RN at\u00e9 os sintomas cessarem<\/strong>.<\/p>\n\n\n\n<p>Curtiu o conte\u00fado? Compartilha com seus amigos e colegas \ud83d\ude42<\/p>\n\n\n\n<p>Voc\u00ea tamb\u00e9m pode gostar do artigo <a href=\"https:\/\/atualizacursos.com.br\/blog\/manejo-clinico-sindrome-respiratoria-coronavirus-o-que-voce-precisa-saber\/\">Manejo Cl\u00ednico S\u00edndrome Respirat\u00f3ria Coronav\u00edrus \u2013 O que voc\u00ea precisa saber<\/a>.<\/p>\n\n\n\n<p>Refer\u00eancia: <\/p>\n\n\n\n<p>Secretaria de de Aten\u00e7\u00e3o Prim\u00e1ria \u00e0 Sa\u00fade (SAPS). Manejo cl\u00ednico do novo Coronav\u00edrus (COVID-19) na aten\u00e7\u00e3o prim\u00e1ria. https:\/\/www.sbmfc.org.br\/<\/p>\n\n\n\n<p>O grupo Atualiza h\u00e1 mais de&nbsp;<strong>20 anos oferece cursos de P\u00f3s-Gradua\u00e7\u00e3o, Extens\u00e3o e Atualiza\u00e7\u00e3o na \u00e1rea de Sa\u00fade<\/strong>. Saiba mais&nbsp;<a href=\"https:\/\/www.atualizacursos.com.br\/\">clicando aqui.<\/a><\/p>\n\n\n<div role=\"main\" id=\"informacoes-blog-a32d473f8bdd06429985\"><\/div>\n<p><script type=\"text\/javascript\" src=\"https:\/\/d335luupugsy2.cloudfront.net\/js\/rdstation-forms\/stable\/rdstation-forms.min.js\"><\/script><br \/>\n<script type=\"text\/javascript\">\n  new RDStationForms('informacoes-blog-a32d473f8bdd06429985-html', 'UA-72479694-1').createForm();\n<\/script><\/p>\n","protected":false},"excerpt":{"rendered":"<p>A pandemia ainda continua e os profissionais da sa\u00fade j\u00e1 est\u00e3o enfrentando outro desafio: um novo surto de gripe, que se espalha por todo o Brasil. A doen\u00e7a provocada pela H3N2 Darwin tem sido chamada de nova gripe, mas, na pr\u00e1tica, os sintomas s\u00e3o bem conhecidos. \u201cOs principais sinais s\u00e3o coriza, tosse, dor de garganta, dor no corpo, dor de cabe\u00e7a e febre, de acordo com m\u00e9dico Felipe Duarte. (fonte da Sa\u00fade Abril. ). Embora a nova gripe n\u00e3o seja letal como o coronav\u00edrus, \u00e9 <a href=\"https:\/\/atualizacursos.com.br\/blog\/manejo-de-gestantes-e-puerperas-com-gripe-e-risco-para-covid-19-o-que-fazer\/\" class=\"more-link\"><span>Leia mais<\/span>\u2192<\/a><\/p>\n","protected":false},"author":3,"featured_media":3804,"comment_status":"open","ping_status":"open","sticky":false,"template":"","format":"standard","meta":{"_monsterinsights_skip_tracking":false,"_monsterinsights_sitenote_active":false,"_monsterinsights_sitenote_note":"","_monsterinsights_sitenote_category":0,"footnotes":""},"categories":[36],"tags":[],"class_list":["entry","author-adrianasena","post-3798","post","type-post","status-publish","format-standard","has-post-thumbnail","category-covd-19"],"yoast_head":"<!-- This site is optimized with the Yoast SEO plugin v19.5.1 - https:\/\/yoast.com\/wordpress\/plugins\/seo\/ -->\n<title>Manejo Gestantes e Pu\u00e9rperas Gripadas Risco COVID19 - O que fazer?<\/title>\n<meta name=\"description\" content=\"Gestantes e Pu\u00e9rperas com Gripe. A pandemia continua e os profissionais da sa\u00fade j\u00e1 est\u00e3o enfrentando um novo desafio: surto de gripe.\" \/>\n<meta name=\"robots\" content=\"index, follow, max-snippet:-1, max-image-preview:large, max-video-preview:-1\" \/>\n<link rel=\"canonical\" href=\"https:\/\/atualizacursos.com.br\/blog\/manejo-de-gestantes-e-puerperas-com-gripe-e-risco-para-covid-19-o-que-fazer\/\" \/>\n<meta property=\"og:locale\" content=\"pt_BR\" \/>\n<meta property=\"og:type\" content=\"article\" \/>\n<meta property=\"og:title\" content=\"Manejo Gestantes e Pu\u00e9rperas Gripadas Risco COVID19 - O que fazer?\" \/>\n<meta property=\"og:description\" content=\"Gestantes e Pu\u00e9rperas com Gripe. A pandemia continua e os profissionais da sa\u00fade j\u00e1 est\u00e3o enfrentando um novo desafio: surto de gripe.\" \/>\n<meta property=\"og:url\" content=\"https:\/\/atualizacursos.com.br\/blog\/manejo-de-gestantes-e-puerperas-com-gripe-e-risco-para-covid-19-o-que-fazer\/\" \/>\n<meta property=\"og:site_name\" content=\"Blog Atualiza Cursos\" \/>\n<meta property=\"article:published_time\" content=\"2022-01-13T13:19:20+00:00\" \/>\n<meta property=\"article:modified_time\" content=\"2022-01-13T13:19:22+00:00\" \/>\n<meta property=\"og:image\" content=\"https:\/\/atualizacursos.com.br\/blog\/wp-content\/uploads\/2022\/01\/gravida-gripada-gravida-com-gripe.jpg\" \/>\n\t<meta property=\"og:image:width\" content=\"500\" \/>\n\t<meta property=\"og:image:height\" content=\"334\" \/>\n\t<meta property=\"og:image:type\" content=\"image\/jpeg\" \/>\n<meta name=\"author\" content=\"adrianasena\" \/>\n<meta name=\"twitter:card\" content=\"summary_large_image\" \/>\n<meta name=\"twitter:label1\" content=\"Escrito por\" \/>\n\t<meta name=\"twitter:data1\" content=\"adrianasena\" \/>\n\t<meta name=\"twitter:label2\" content=\"Est. tempo de leitura\" \/>\n\t<meta name=\"twitter:data2\" content=\"3 minutos\" \/>\n<script type=\"application\/ld+json\" class=\"yoast-schema-graph\">{\"@context\":\"https:\/\/schema.org\",\"@graph\":[{\"@type\":\"WebPage\",\"@id\":\"https:\/\/atualizacursos.com.br\/blog\/manejo-de-gestantes-e-puerperas-com-gripe-e-risco-para-covid-19-o-que-fazer\/\",\"url\":\"https:\/\/atualizacursos.com.br\/blog\/manejo-de-gestantes-e-puerperas-com-gripe-e-risco-para-covid-19-o-que-fazer\/\",\"name\":\"Manejo Gestantes e Pu\u00e9rperas Gripadas Risco COVID19 - O que fazer?\",\"isPartOf\":{\"@id\":\"https:\/\/atualizacursos.com.br\/blog\/#website\"},\"datePublished\":\"2022-01-13T13:19:20+00:00\",\"dateModified\":\"2022-01-13T13:19:22+00:00\",\"author\":{\"@id\":\"https:\/\/atualizacursos.com.br\/blog\/#\/schema\/person\/5858b792e1c0f80d24c5de28a66228c2\"},\"description\":\"Gestantes e Pu\u00e9rperas com Gripe. A pandemia continua e os profissionais da sa\u00fade j\u00e1 est\u00e3o enfrentando um novo desafio: surto de gripe.\",\"breadcrumb\":{\"@id\":\"https:\/\/atualizacursos.com.br\/blog\/manejo-de-gestantes-e-puerperas-com-gripe-e-risco-para-covid-19-o-que-fazer\/#breadcrumb\"},\"inLanguage\":\"pt-BR\",\"potentialAction\":[{\"@type\":\"ReadAction\",\"target\":[\"https:\/\/atualizacursos.com.br\/blog\/manejo-de-gestantes-e-puerperas-com-gripe-e-risco-para-covid-19-o-que-fazer\/\"]}]},{\"@type\":\"BreadcrumbList\",\"@id\":\"https:\/\/atualizacursos.com.br\/blog\/manejo-de-gestantes-e-puerperas-com-gripe-e-risco-para-covid-19-o-que-fazer\/#breadcrumb\",\"itemListElement\":[{\"@type\":\"ListItem\",\"position\":1,\"name\":\"In\u00edcio\",\"item\":\"https:\/\/atualizacursos.com.br\/blog\/\"},{\"@type\":\"ListItem\",\"position\":2,\"name\":\"Manejo de Gestantes e Pu\u00e9rperas com Gripe e Risco para COVID-19 &#8211; O que fazer?\"}]},{\"@type\":\"WebSite\",\"@id\":\"https:\/\/atualizacursos.com.br\/blog\/#website\",\"url\":\"https:\/\/atualizacursos.com.br\/blog\/\",\"name\":\"Blog Atualiza Cursos\",\"description\":\"Cursos de Especializa\u00e7\u00e3o na \u00e1rea de Sa\u00fade\",\"potentialAction\":[{\"@type\":\"SearchAction\",\"target\":{\"@type\":\"EntryPoint\",\"urlTemplate\":\"https:\/\/atualizacursos.com.br\/blog\/?s={search_term_string}\"},\"query-input\":\"required name=search_term_string\"}],\"inLanguage\":\"pt-BR\"},{\"@type\":\"Person\",\"@id\":\"https:\/\/atualizacursos.com.br\/blog\/#\/schema\/person\/5858b792e1c0f80d24c5de28a66228c2\",\"name\":\"adrianasena\",\"image\":{\"@type\":\"ImageObject\",\"inLanguage\":\"pt-BR\",\"@id\":\"https:\/\/atualizacursos.com.br\/blog\/#\/schema\/person\/image\/\",\"url\":\"https:\/\/secure.gravatar.com\/avatar\/5cab6a0105e083f318b54a55186dc61d?s=96&d=wp_user_avatar&r=g\",\"contentUrl\":\"https:\/\/secure.gravatar.com\/avatar\/5cab6a0105e083f318b54a55186dc61d?s=96&d=wp_user_avatar&r=g\",\"caption\":\"adrianasena\"},\"description\":\"A Faculdade Atualiza faz parte do Grupo Atualiza, uma institui\u00e7\u00e3o com 20 anos de experi\u00eancia, especializada em cursos de P\u00f3s-Gradua\u00e7\u00e3o na \u00e1rea de Sa\u00fade, de Atualiza\u00e7\u00e3o e Extens\u00e3o. A P\u00f3s-Gradua\u00e7\u00e3o oferece mais de 40 cursos nas \u00e1reas de Enfermagem, Farm\u00e1cia, Fisioterapia, Psicologia e Nutri\u00e7\u00e3o. Atua tamb\u00e9m em treinamentos abertos e in company nas \u00e1reas de Sa\u00fade, Seguran\u00e7a do Trabalho e Sa\u00fade Ocupacional atrav\u00e9s da Atualiza Cursos, em Congressos e Simp\u00f3sios atrav\u00e9s da Atualiza Congressos e em Publica\u00e7\u00e3o de Livros com a Atualiza Editora. A qualidade e seriedade de seus cursos e o reconhecimento do mercado agora tamb\u00e9m na Gradua\u00e7\u00e3o.\",\"url\":\"https:\/\/atualizacursos.com.br\/blog\/author\/adrianasena\/\"}]}<\/script>\n<!-- \/ Yoast SEO plugin. -->","yoast_head_json":{"title":"Manejo Gestantes e Pu\u00e9rperas Gripadas Risco COVID19 - O que fazer?","description":"Gestantes e Pu\u00e9rperas com Gripe. A pandemia continua e os profissionais da sa\u00fade j\u00e1 est\u00e3o enfrentando um novo desafio: surto de gripe.","robots":{"index":"index","follow":"follow","max-snippet":"max-snippet:-1","max-image-preview":"max-image-preview:large","max-video-preview":"max-video-preview:-1"},"canonical":"https:\/\/atualizacursos.com.br\/blog\/manejo-de-gestantes-e-puerperas-com-gripe-e-risco-para-covid-19-o-que-fazer\/","og_locale":"pt_BR","og_type":"article","og_title":"Manejo Gestantes e Pu\u00e9rperas Gripadas Risco COVID19 - O que fazer?","og_description":"Gestantes e Pu\u00e9rperas com Gripe. A pandemia continua e os profissionais da sa\u00fade j\u00e1 est\u00e3o enfrentando um novo desafio: surto de gripe.","og_url":"https:\/\/atualizacursos.com.br\/blog\/manejo-de-gestantes-e-puerperas-com-gripe-e-risco-para-covid-19-o-que-fazer\/","og_site_name":"Blog Atualiza Cursos","article_published_time":"2022-01-13T13:19:20+00:00","article_modified_time":"2022-01-13T13:19:22+00:00","og_image":[{"width":500,"height":334,"url":"https:\/\/atualizacursos.com.br\/blog\/wp-content\/uploads\/2022\/01\/gravida-gripada-gravida-com-gripe.jpg","type":"image\/jpeg"}],"author":"adrianasena","twitter_card":"summary_large_image","twitter_misc":{"Escrito por":"adrianasena","Est. tempo de leitura":"3 minutos"},"schema":{"@context":"https:\/\/schema.org","@graph":[{"@type":"WebPage","@id":"https:\/\/atualizacursos.com.br\/blog\/manejo-de-gestantes-e-puerperas-com-gripe-e-risco-para-covid-19-o-que-fazer\/","url":"https:\/\/atualizacursos.com.br\/blog\/manejo-de-gestantes-e-puerperas-com-gripe-e-risco-para-covid-19-o-que-fazer\/","name":"Manejo Gestantes e Pu\u00e9rperas Gripadas Risco COVID19 - O que fazer?","isPartOf":{"@id":"https:\/\/atualizacursos.com.br\/blog\/#website"},"datePublished":"2022-01-13T13:19:20+00:00","dateModified":"2022-01-13T13:19:22+00:00","author":{"@id":"https:\/\/atualizacursos.com.br\/blog\/#\/schema\/person\/5858b792e1c0f80d24c5de28a66228c2"},"description":"Gestantes e Pu\u00e9rperas com Gripe. A pandemia continua e os profissionais da sa\u00fade j\u00e1 est\u00e3o enfrentando um novo desafio: surto de gripe.","breadcrumb":{"@id":"https:\/\/atualizacursos.com.br\/blog\/manejo-de-gestantes-e-puerperas-com-gripe-e-risco-para-covid-19-o-que-fazer\/#breadcrumb"},"inLanguage":"pt-BR","potentialAction":[{"@type":"ReadAction","target":["https:\/\/atualizacursos.com.br\/blog\/manejo-de-gestantes-e-puerperas-com-gripe-e-risco-para-covid-19-o-que-fazer\/"]}]},{"@type":"BreadcrumbList","@id":"https:\/\/atualizacursos.com.br\/blog\/manejo-de-gestantes-e-puerperas-com-gripe-e-risco-para-covid-19-o-que-fazer\/#breadcrumb","itemListElement":[{"@type":"ListItem","position":1,"name":"In\u00edcio","item":"https:\/\/atualizacursos.com.br\/blog\/"},{"@type":"ListItem","position":2,"name":"Manejo de Gestantes e Pu\u00e9rperas com Gripe e Risco para COVID-19 &#8211; O que fazer?"}]},{"@type":"WebSite","@id":"https:\/\/atualizacursos.com.br\/blog\/#website","url":"https:\/\/atualizacursos.com.br\/blog\/","name":"Blog Atualiza Cursos","description":"Cursos de Especializa\u00e7\u00e3o na \u00e1rea de Sa\u00fade","potentialAction":[{"@type":"SearchAction","target":{"@type":"EntryPoint","urlTemplate":"https:\/\/atualizacursos.com.br\/blog\/?s={search_term_string}"},"query-input":"required name=search_term_string"}],"inLanguage":"pt-BR"},{"@type":"Person","@id":"https:\/\/atualizacursos.com.br\/blog\/#\/schema\/person\/5858b792e1c0f80d24c5de28a66228c2","name":"adrianasena","image":{"@type":"ImageObject","inLanguage":"pt-BR","@id":"https:\/\/atualizacursos.com.br\/blog\/#\/schema\/person\/image\/","url":"https:\/\/secure.gravatar.com\/avatar\/5cab6a0105e083f318b54a55186dc61d?s=96&d=wp_user_avatar&r=g","contentUrl":"https:\/\/secure.gravatar.com\/avatar\/5cab6a0105e083f318b54a55186dc61d?s=96&d=wp_user_avatar&r=g","caption":"adrianasena"},"description":"A Faculdade Atualiza faz parte do Grupo Atualiza, uma institui\u00e7\u00e3o com 20 anos de experi\u00eancia, especializada em cursos de P\u00f3s-Gradua\u00e7\u00e3o na \u00e1rea de Sa\u00fade, de Atualiza\u00e7\u00e3o e Extens\u00e3o. A P\u00f3s-Gradua\u00e7\u00e3o oferece mais de 40 cursos nas \u00e1reas de Enfermagem, Farm\u00e1cia, Fisioterapia, Psicologia e Nutri\u00e7\u00e3o. Atua tamb\u00e9m em treinamentos abertos e in company nas \u00e1reas de Sa\u00fade, Seguran\u00e7a do Trabalho e Sa\u00fade Ocupacional atrav\u00e9s da Atualiza Cursos, em Congressos e Simp\u00f3sios atrav\u00e9s da Atualiza Congressos e em Publica\u00e7\u00e3o de Livros com a Atualiza Editora. A qualidade e seriedade de seus cursos e o reconhecimento do mercado agora tamb\u00e9m na Gradua\u00e7\u00e3o.","url":"https:\/\/atualizacursos.com.br\/blog\/author\/adrianasena\/"}]}},"_links":{"self":[{"href":"https:\/\/atualizacursos.com.br\/blog\/wp-json\/wp\/v2\/posts\/3798"}],"collection":[{"href":"https:\/\/atualizacursos.com.br\/blog\/wp-json\/wp\/v2\/posts"}],"about":[{"href":"https:\/\/atualizacursos.com.br\/blog\/wp-json\/wp\/v2\/types\/post"}],"author":[{"embeddable":true,"href":"https:\/\/atualizacursos.com.br\/blog\/wp-json\/wp\/v2\/users\/3"}],"replies":[{"embeddable":true,"href":"https:\/\/atualizacursos.com.br\/blog\/wp-json\/wp\/v2\/comments?post=3798"}],"version-history":[{"count":19,"href":"https:\/\/atualizacursos.com.br\/blog\/wp-json\/wp\/v2\/posts\/3798\/revisions"}],"predecessor-version":[{"id":3822,"href":"https:\/\/atualizacursos.com.br\/blog\/wp-json\/wp\/v2\/posts\/3798\/revisions\/3822"}],"wp:featuredmedia":[{"embeddable":true,"href":"https:\/\/atualizacursos.com.br\/blog\/wp-json\/wp\/v2\/media\/3804"}],"wp:attachment":[{"href":"https:\/\/atualizacursos.com.br\/blog\/wp-json\/wp\/v2\/media?parent=3798"}],"wp:term":[{"taxonomy":"category","embeddable":true,"href":"https:\/\/atualizacursos.com.br\/blog\/wp-json\/wp\/v2\/categories?post=3798"},{"taxonomy":"post_tag","embeddable":true,"href":"https:\/\/atualizacursos.com.br\/blog\/wp-json\/wp\/v2\/tags?post=3798"}],"curies":[{"name":"wp","href":"https:\/\/api.w.org\/{rel}","templated":true}]}}